{"id":257,"date":"2019-05-17T23:12:48","date_gmt":"2019-05-17T21:12:48","guid":{"rendered":"http:\/\/juliasophiewagner.de\/website\/?p=257"},"modified":"2019-06-04T11:09:36","modified_gmt":"2019-06-04T09:09:36","slug":"du-bist-die-ruh","status":"publish","type":"post","link":"https:\/\/juliasophiewagner.de\/en\/du-bist-die-ruh\/","title":{"rendered":"Lost \u2013 #dubistdieruh"},"content":{"rendered":"<p>To help draw more attention to art song is one of my core interests in my work. In a music video with images, not regularly seen in connection with classical music, and visuals transporting an interpretation corresponding independently with the composition by Franz Schubert, I am trying to open this art form to new audiences.<\/p>\n\n\n\n<p>Together with a brilliant team around artistic director Marina Mattner, and Eric Schneider as musical partner, we created a video, which adds yet another dimension to the beautiful \"Du bist die Ruh\" (You are repose) by Franz Schubert and Friedrich R\u00fcckert, without overpowering the fragile composition.<\/p>\n\n\n\n<figure class=\"wp-block-embed-youtube wp-block-embed is-type-video is-provider-youtube wp-embed-aspect-16-9 wp-has-aspect-ratio\"><div class=\"wp-block-embed__wrapper\">\n<iframe loading=\"lazy\" title=\"Lost  -  #dubistdieruh                 Franz Schubert &quot;Du bist die Ruh&quot;  D776\" width=\"800\" height=\"450\" src=\"https:\/\/www.youtube.com\/embed\/J6DWH31GOXI?feature=oembed\" frameborder=\"0\" allow=\"accelerometer; autoplay; clipboard-write; encrypted-media; gyroscope; picture-in-picture; web-share\" allowfullscreen><\/iframe>\n<\/div><\/figure>","protected":false},"excerpt":{"rendered":"<p>Das Kunstlied aus seinem Nischendasein befreien &#8211; das ist eine meiner st\u00e4ndigen Bem\u00fchungen als S\u00e4ngerin. Mit einem Musikvideo, das sich von der in der klassischen Musik \u00fcblichen \u00c4sthetik l\u00f6st und visuell eigene interpretatorische Wege geht, versuche ich, diese durch ihre kompakte und klar umrissene Struktur sehr zeitgem\u00e4\u00dfe Kompositionsform einem neuen Publikum zug\u00e4nglich zu machen. Gemeinsam [&hellip;]<\/p>\n","protected":false},"author":1,"featured_media":258,"comment_status":"closed","ping_status":"open","sticky":false,"template":"","format":"standard","meta":{"footnotes":""},"categories":[5],"tags":[],"class_list":{"0":"post-257","1":"post","2":"type-post","3":"status-publish","4":"format-standard","5":"has-post-thumbnail","7":"category-projekte","8":"entry"},"_links":{"self":[{"href":"https:\/\/juliasophiewagner.de\/en\/wp-json\/wp\/v2\/posts\/257","targetHints":{"allow":["GET"]}}],"collection":[{"href":"https:\/\/juliasophiewagner.de\/en\/wp-json\/wp\/v2\/posts"}],"about":[{"href":"https:\/\/juliasophiewagner.de\/en\/wp-json\/wp\/v2\/types\/post"}],"author":[{"embeddable":true,"href":"https:\/\/juliasophiewagner.de\/en\/wp-json\/wp\/v2\/users\/1"}],"replies":[{"embeddable":true,"href":"https:\/\/juliasophiewagner.de\/en\/wp-json\/wp\/v2\/comments?post=257"}],"version-history":[{"count":4,"href":"https:\/\/juliasophiewagner.de\/en\/wp-json\/wp\/v2\/posts\/257\/revisions"}],"predecessor-version":[{"id":332,"href":"https:\/\/juliasophiewagner.de\/en\/wp-json\/wp\/v2\/posts\/257\/revisions\/332"}],"wp:featuredmedia":[{"embeddable":true,"href":"https:\/\/juliasophiewagner.de\/en\/wp-json\/wp\/v2\/media\/258"}],"wp:attachment":[{"href":"https:\/\/juliasophiewagner.de\/en\/wp-json\/wp\/v2\/media?parent=257"}],"wp:term":[{"taxonomy":"category","embeddable":true,"href":"https:\/\/juliasophiewagner.de\/en\/wp-json\/wp\/v2\/categories?post=257"},{"taxonomy":"post_tag","embeddable":true,"href":"https:\/\/juliasophiewagner.de\/en\/wp-json\/wp\/v2\/tags?post=257"}],"curies":[{"name":"wp","href":"https:\/\/api.w.org\/{rel}","templated":true}]}}